{"id":426,"date":"2020-11-16T16:43:34","date_gmt":"2020-11-16T15:43:34","guid":{"rendered":"http:\/\/www.caba-non.be\/blog\/?p=426"},"modified":"2020-11-17T11:08:05","modified_gmt":"2020-11-17T10:08:05","slug":"pas-qua-herbeumont","status":"publish","type":"post","link":"https:\/\/www.caba-non.be\/blog\/2020\/11\/pas-qua-herbeumont\/","title":{"rendered":"Pas qu&rsquo;\u00e0 Herbeumont"},"content":{"rendered":"\n<figure class=\"wp-block-image\"><img loading=\"lazy\" decoding=\"async\" width=\"1024\" height=\"240\" src=\"https:\/\/www.caba-non.be\/blog\/wp-content\/uploads\/2020\/11\/fp-village-1024x240.jpg\" alt=\"\" class=\"wp-image-429\" srcset=\"https:\/\/www.caba-non.be\/blog\/wp-content\/uploads\/2020\/11\/fp-village-1024x240.jpg 1024w, https:\/\/www.caba-non.be\/blog\/wp-content\/uploads\/2020\/11\/fp-village-300x70.jpg 300w, https:\/\/www.caba-non.be\/blog\/wp-content\/uploads\/2020\/11\/fp-village-768x180.jpg 768w, https:\/\/www.caba-non.be\/blog\/wp-content\/uploads\/2020\/11\/fp-village-1200x282.jpg 1200w, https:\/\/www.caba-non.be\/blog\/wp-content\/uploads\/2020\/11\/fp-village.jpg 1601w\" sizes=\"auto, (max-width: 709px) 85vw, (max-width: 909px) 67vw, (max-width: 1362px) 62vw, 840px\" \/><\/figure>\n\n\n\n<p>Comme l&rsquo;\u00e9crit le Professeur Provenzano dans<a rel=\"noreferrer noopener\" aria-label=\" La Libre (s\u2019ouvre dans un nouvel onglet)\" href=\"https:\/\/www.lalibre.be\/debats\/opinions\/le-changement-de-paradigme-dans-l-amenagement-du-territoire-en-wallonie-c-est-pour-quand-5f9acee87b50a6525ba673aa\" target=\"_blank\"> La Libre,\u00a0\u00ab\u00a0<\/a><em>les crises sanitaire, climatique, \u00e9cologique, socio-\u00e9conomique que nous traversons nous imposent de modifier nos lieux de vie, nos fa\u00e7ons de les habiter, et plus g\u00e9n\u00e9ralement notre rapport au vivant<\/em>. <em>Ce rapport, con\u00e7u principalement sur le mode de l\u2019exploitation et de la rentabilisation au seul profit de l\u2019humain, a conduit aux catastrophes que nous connaissons\u00a0\u00bb.<\/em> <\/p>\n\n\n\n<p>Il montre par divers exemples que les mod\u00e8les qui sous-tendent l\u2019am\u00e9nagement du territoire doivent s&rsquo;adapter. <\/p>\n\n\n\n<ul class=\"wp-block-list\"><li><em>\u00ab\u00a0d\u2019une part il faut prendre acte de l\u2019impasse \u00e0 laquelle conduisent les politiques d\u2019urbanisation men\u00e9es jusqu\u2019\u00e0 pr\u00e9sent et infl\u00e9chir radicalement les priorit\u00e9s dans le sens d\u2019une majeure protection de l\u2019environnement et d\u2019une r\u00e9novation du b\u00e2ti existant, <\/em><\/li><li><em>d\u2019autre part il faut redonner \u00e0 la voix citoyenne un poids r\u00e9el et une valeur d\u2019expertise dans les choix d\u2019am\u00e9nagement du territoire qui concernent les lieux de vie quotidienne des personnes.\u00a0\u00bb<\/em><\/li><\/ul>\n\n\n\n<p>Et enfin il conclut que si \u00ab\u00a0<em>certains veulent faire du profit en achetant des parcelles \u00e0 bas prix pour y d\u00e9velopper une plus-value immobili\u00e8re, d\u2019autres veulent simplement mener une vie digne et bonne dans l\u2019environnement qui est le leur. Il est peut-\u00eatre temps de reconnaitre que les seconds sont plus nombreux que les premiers, et que l\u2019histoire tend d\u00e9sormais \u00e0 leur donner raison\u00a0\u00bb.<\/em><\/p>\n\n\n\n<p>En cette an de disgr\u00e2ce 2020, la r\u00e9gion Wallonne sort de la peste porcine africaine, est en pleine calamit\u00e9 de la coviole, et s&rsquo;appr\u00eate \u00e0 subir une nouvelle vague de grippe aviaire &#8211; trois catastrophes imputables \u00e0 l&#8217;empi\u00e8tement anthropique. Nous nous demandons quelles preuves suppl\u00e9mentaires il faut aux-dits premiers, pour arr\u00eater tout de suite de mettre leur profit avant la pr\u00e9servation stricte de l\u2019environnement, en invoquant par exemple d&rsquo;obscurs paragraphes du CoDT. Les terribles mesures prises pour ces trois cas ont co\u00fbt\u00e9 et co\u00fbteront encore tr\u00e8s cher, plus que tous les profits imaginables je pense. Ici on ne parle plus de soif, mais tout simplement de survivre.<\/p>\n","protected":false},"excerpt":{"rendered":"<p>Le changement de paradigme dans l\u2019am\u00e9nagement du territoire en Wallonie, c\u2019est pour quand ?<\/p>\n","protected":false},"author":5,"featured_media":0,"comment_status":"open","ping_status":"open","sticky":false,"template":"","format":"standard","meta":{"footnotes":""},"categories":[3],"tags":[],"class_list":["post-426","post","type-post","status-publish","format-standard","hentry","category-news"],"_links":{"self":[{"href":"https:\/\/www.caba-non.be\/blog\/wp-json\/wp\/v2\/posts\/426","targetHints":{"allow":["GET"]}}],"collection":[{"href":"https:\/\/www.caba-non.be\/blog\/wp-json\/wp\/v2\/posts"}],"about":[{"href":"https:\/\/www.caba-non.be\/blog\/wp-json\/wp\/v2\/types\/post"}],"author":[{"embeddable":true,"href":"https:\/\/www.caba-non.be\/blog\/wp-json\/wp\/v2\/users\/5"}],"replies":[{"embeddable":true,"href":"https:\/\/www.caba-non.be\/blog\/wp-json\/wp\/v2\/comments?post=426"}],"version-history":[{"count":2,"href":"https:\/\/www.caba-non.be\/blog\/wp-json\/wp\/v2\/posts\/426\/revisions"}],"predecessor-version":[{"id":436,"href":"https:\/\/www.caba-non.be\/blog\/wp-json\/wp\/v2\/posts\/426\/revisions\/436"}],"wp:attachment":[{"href":"https:\/\/www.caba-non.be\/blog\/wp-json\/wp\/v2\/media?parent=426"}],"wp:term":[{"taxonomy":"category","embeddable":true,"href":"https:\/\/www.caba-non.be\/blog\/wp-json\/wp\/v2\/categories?post=426"},{"taxonomy":"post_tag","embeddable":true,"href":"https:\/\/www.caba-non.be\/blog\/wp-json\/wp\/v2\/tags?post=426"}],"curies":[{"name":"wp","href":"https:\/\/api.w.org\/{rel}","templated":true}]}}